{"id":3803,"date":"2021-03-28T13:47:48","date_gmt":"2021-03-28T11:47:48","guid":{"rendered":"https:\/\/metropoli.sterthaus.com\/?p=3803"},"modified":"2021-03-31T21:43:10","modified_gmt":"2021-03-31T19:43:10","slug":"das-ende-einer-legende-und-der-anfang-von-etwas-neuem","status":"publish","type":"post","link":"https:\/\/metropoli.sterthaus.com\/?p=3803","title":{"rendered":"-Das Ende einer Legende und der Anfang von etwas Neuem"},"content":{"rendered":"<p><div id=\"attachment_3807\" style=\"width: 310px\" class=\"wp-caption alignleft\"><a href=\"https:\/\/metropoli.sterthaus.com\/wp-content\/uploads\/2021\/03\/Metropol-Theater_-Luftaufnahme-v-Werner-Brand.jpg\"><img loading=\"lazy\" decoding=\"async\" aria-describedby=\"caption-attachment-3807\" src=\"https:\/\/metropoli.sterthaus.com\/wp-content\/uploads\/2021\/03\/Metropol-Theater_-Luftaufnahme-v-Werner-Brand-300x221.jpg\" alt=\"\" width=\"300\" height=\"221\" class=\"size-medium wp-image-3807\" srcset=\"https:\/\/metropoli.sterthaus.com\/wp-content\/uploads\/2021\/03\/Metropol-Theater_-Luftaufnahme-v-Werner-Brand-300x221.jpg 300w, https:\/\/metropoli.sterthaus.com\/wp-content\/uploads\/2021\/03\/Metropol-Theater_-Luftaufnahme-v-Werner-Brand-768x565.jpg 768w, https:\/\/metropoli.sterthaus.com\/wp-content\/uploads\/2021\/03\/Metropol-Theater_-Luftaufnahme-v-Werner-Brand.jpg 800w\" sizes=\"auto, (max-width: 300px) 100vw, 300px\" \/><\/a><p id=\"caption-attachment-3807\" class=\"wp-caption-text\">Das Metropol &#8211; Theater in Rheine. Erbaur im Jahre 1933. Abgerissen, am 26. M\u00e4rz 2001.    Foto: Werner Brand<\/p><\/div>Am 26. M\u00e4rz 2001 begann der Abriss des Metropol Theaters in Rheine. Es gibt zwar Leute, die den daraus entstandenen Schutthaufen damals sch\u00f6ner fanden als das mausgraue Geb\u00e4ude, aber wie hei\u00dft es doch so sch\u00f6n, &#8222;Auf die inneren Werte kommt es an&#8220;.  Der Rheiner Historiker Dr. Ingmar Winter hatte nicht umsonst drei B\u00fccher \u00fcber die Zeit und die Werte des Metropol Theaters geschrieben. Am Tag, als das im Jahre 1933 vom Architekten Anton P\u00f6tter erbaute Metropol Theater starb, wurde die Idee des Metropol- Kino f\u00fcr kleine Leute geboren.  <\/p>\n<p><div id=\"attachment_3804\" style=\"width: 159px\" class=\"wp-caption alignright\"><a href=\"https:\/\/metropoli.sterthaus.com\/wp-content\/uploads\/2021\/03\/9.-Metropol-Theater-26.-M\u00e4rz-2001_Der-Tag-an-dem-das-Metro-starb_Heinz-Schulte_bearbeitet-2-_bearbeitet-1.jpg\"><img loading=\"lazy\" decoding=\"async\" aria-describedby=\"caption-attachment-3804\" src=\"https:\/\/metropoli.sterthaus.com\/wp-content\/uploads\/2021\/03\/9.-Metropol-Theater-26.-M\u00e4rz-2001_Der-Tag-an-dem-das-Metro-starb_Heinz-Schulte_bearbeitet-2-_bearbeitet-1-149x300.jpg\" alt=\"\" width=\"149\" height=\"300\" class=\"size-medium wp-image-3804\" srcset=\"https:\/\/metropoli.sterthaus.com\/wp-content\/uploads\/2021\/03\/9.-Metropol-Theater-26.-M\u00e4rz-2001_Der-Tag-an-dem-das-Metro-starb_Heinz-Schulte_bearbeitet-2-_bearbeitet-1-149x300.jpg 149w, https:\/\/metropoli.sterthaus.com\/wp-content\/uploads\/2021\/03\/9.-Metropol-Theater-26.-M\u00e4rz-2001_Der-Tag-an-dem-das-Metro-starb_Heinz-Schulte_bearbeitet-2-_bearbeitet-1.jpg 297w\" sizes=\"auto, (max-width: 149px) 100vw, 149px\" \/><\/a><p id=\"caption-attachment-3804\" class=\"wp-caption-text\">Heinz Schulte, am 26. M\u00e4rz 2001.<\/p><\/div>Es war sehr traurig zuzusehen, mit welcher Wucht das Geb\u00e4ude abgerissen wurde. Die Kinomaschine hatte schon lange keine Filme mehr gespielt. Zur Erinnerung h\u00e4tte sich sicher ein ehrenwerter Platz gefunden. <\/p>\n<div id=\"attachment_3805\" style=\"width: 160px\" class=\"wp-caption alignleft\"><a href=\"https:\/\/metropoli.sterthaus.com\/wp-content\/uploads\/2021\/03\/2001-03-009.jpg\"><img loading=\"lazy\" decoding=\"async\" aria-describedby=\"caption-attachment-3805\" src=\"https:\/\/metropoli.sterthaus.com\/wp-content\/uploads\/2021\/03\/2001-03-009-150x150.jpg\" alt=\"\" width=\"150\" height=\"150\" class=\"size-thumbnail wp-image-3805\" \/><\/a><p id=\"caption-attachment-3805\" class=\"wp-caption-text\">Foto: Dieter Wennemer<\/p><\/div>\n<div id=\"attachment_3818\" style=\"width: 160px\" class=\"wp-caption alignleft\"><a href=\"https:\/\/metropoli.sterthaus.com\/wp-content\/uploads\/2021\/03\/Der-Filmprojektor-an-der-Bagger-Schaufel.jpg\"><img loading=\"lazy\" decoding=\"async\" aria-describedby=\"caption-attachment-3818\" src=\"https:\/\/metropoli.sterthaus.com\/wp-content\/uploads\/2021\/03\/Der-Filmprojektor-an-der-Bagger-Schaufel-150x150.jpg\" alt=\"\" width=\"150\" height=\"150\" class=\"size-thumbnail wp-image-3818\" \/><\/a><p id=\"caption-attachment-3818\" class=\"wp-caption-text\">Der Filmprojektor an der Bagger Schaufel.<\/p><\/div>\n<p>Eigentlich sollte an diesem Tag im Foyer des Kinos, mit geladenen Ehreng\u00e4sten eine Fotoausstellung zur Geschichte des Metropol-Theaters er\u00f6ffnet werden. Die Lage um Covid-19 fegte alle Vorbereitungen vom Tisch, aber so ganz darauf verzichten- das wollten wir dann doch nicht. Hannes Scheffing hatte die Idee, mit einer erlaubten Anzahl von Personen an den Abriss des Metropol-Theaters vor 20 Jahren zu erinnerm, und- das 20 j\u00e4hrige Bestehen des Metropoli- &#8222;Kino f\u00fcr kleine Leute zu feiern. <\/p>\n<p>20 Jahre sp\u00e4ter, am 26. M\u00e4rz 2021, findet vor dem Cinetech-Kino an der Surenburgstra\u00dfe in Rheine eine Veranstaltung statt. <\/p>\n<p><div id=\"attachment_3836\" style=\"width: 310px\" class=\"wp-caption alignleft\"><a href=\"https:\/\/metropoli.sterthaus.com\/wp-content\/uploads\/2021\/03\/W\u00e4hrend-der-kleinen-Feierstunde_bearbeitet-1.jpg\"><img loading=\"lazy\" decoding=\"async\" aria-describedby=\"caption-attachment-3836\" src=\"https:\/\/metropoli.sterthaus.com\/wp-content\/uploads\/2021\/03\/W\u00e4hrend-der-kleinen-Feierstunde_bearbeitet-1-300x169.jpg\" alt=\"\" width=\"300\" height=\"169\" class=\"size-medium wp-image-3836\" srcset=\"https:\/\/metropoli.sterthaus.com\/wp-content\/uploads\/2021\/03\/W\u00e4hrend-der-kleinen-Feierstunde_bearbeitet-1-300x169.jpg 300w, https:\/\/metropoli.sterthaus.com\/wp-content\/uploads\/2021\/03\/W\u00e4hrend-der-kleinen-Feierstunde_bearbeitet-1-768x432.jpg 768w, https:\/\/metropoli.sterthaus.com\/wp-content\/uploads\/2021\/03\/W\u00e4hrend-der-kleinen-Feierstunde_bearbeitet-1.jpg 800w\" sizes=\"auto, (max-width: 300px) 100vw, 300px\" \/><\/a><p id=\"caption-attachment-3836\" class=\"wp-caption-text\">Hannes Scheffing (links i Bild) und Heinz Schulte, als Initiatoren der Veranstaltung<\/p><\/div>Die Atmosph\u00e4re mit treuen Wegbegleitern auf dem rotem Teppich wurde dann doch noch f\u00fcr uns alle sehr sch\u00f6n. &#8222;Ich h\u00e4tte hier und heute so gerne und ohne Mundschutz vor vielen Wegbegleitern der letzten 20 Jahre gesprochen&#8220;, so Heinz Schulte. &#8222;Das holen wir nach&#8220;!- schloss sich Hannes Scheffing direkt danach mit seinen Worten vor den anwesenden G\u00e4sten an.<\/p>\n<div id=\"attachment_3820\" style=\"width: 310px\" class=\"wp-caption aligncenter\"><a href=\"https:\/\/metropoli.sterthaus.com\/wp-content\/uploads\/2021\/03\/Cinetech-Kino-vor-der-Veranstaltung.jpg\"><img loading=\"lazy\" decoding=\"async\" aria-describedby=\"caption-attachment-3820\" src=\"https:\/\/metropoli.sterthaus.com\/wp-content\/uploads\/2021\/03\/Cinetech-Kino-vor-der-Veranstaltung-300x225.jpg\" alt=\"\" width=\"300\" height=\"225\" class=\"size-medium wp-image-3820\" srcset=\"https:\/\/metropoli.sterthaus.com\/wp-content\/uploads\/2021\/03\/Cinetech-Kino-vor-der-Veranstaltung-300x225.jpg 300w, https:\/\/metropoli.sterthaus.com\/wp-content\/uploads\/2021\/03\/Cinetech-Kino-vor-der-Veranstaltung-768x576.jpg 768w, https:\/\/metropoli.sterthaus.com\/wp-content\/uploads\/2021\/03\/Cinetech-Kino-vor-der-Veranstaltung.jpg 800w\" sizes=\"auto, (max-width: 300px) 100vw, 300px\" \/><\/a><p id=\"caption-attachment-3820\" class=\"wp-caption-text\">20 Jahre sp\u00e4ter, vor dem Cinetech-Kino, an der Surenburgstar\u00dfe in Rheine.<\/p><\/div>\n<p><div id=\"attachment_3841\" style=\"width: 280px\" class=\"wp-caption alignright\"><a href=\"https:\/\/metropoli.sterthaus.com\/wp-content\/uploads\/2021\/03\/Ank\u00fcndigung-der-Fotoausstellung_siehe-Banner...jpg\"><img loading=\"lazy\" decoding=\"async\" aria-describedby=\"caption-attachment-3841\" src=\"https:\/\/metropoli.sterthaus.com\/wp-content\/uploads\/2021\/03\/Ank\u00fcndigung-der-Fotoausstellung_siehe-Banner..-270x300.jpg\" alt=\"\" width=\"270\" height=\"300\" class=\"size-medium wp-image-3841\" srcset=\"https:\/\/metropoli.sterthaus.com\/wp-content\/uploads\/2021\/03\/Ank\u00fcndigung-der-Fotoausstellung_siehe-Banner..-270x300.jpg 270w, https:\/\/metropoli.sterthaus.com\/wp-content\/uploads\/2021\/03\/Ank\u00fcndigung-der-Fotoausstellung_siehe-Banner...jpg 540w\" sizes=\"auto, (max-width: 270px) 100vw, 270px\" \/><\/a><p id=\"caption-attachment-3841\" class=\"wp-caption-text\">Die Fotoausstellung wird spannend- verspricht Heinz Schulte, w\u00e4hrend Hannes Scheffing zur \u00dcberraschung der G\u00e4ste, als Vorschau auf die Fotoausstellung, ein Banner der Gr\u00f6\u00dfe 3,5 x 5 Meter hoch oben am Cinetech Kino vorstellt.<\/p><\/div>Zum Gedenken an das Metropol-Theater, sowie zum 20. Bestehen des Metropoli trafen sich: (vorne, v.L.) Hannes Scheffing (Cinetech) und Heinz Schulte (Metropoli- Kino f\u00fcr kleine Leute) als Initiatoren mit den G\u00e4sten (hinten, v L.) Klaus G\u00fcnnigmann (Film- und Videoamateure Rheine), Franz Greiwe (Mesumer Heimatforscher), der ehemalige Stadtarchivar Thomas Giessmann und sein Nachfolger Maik Angerhausen, Gaby Plake (&#8222;Gedenken und Erinnern&#8220;), Joachim Strickerschmidt (Film- und Videoamateure Rheine) und die Gleichstellungsbeauftragte der Stadt Rheine Monika Hoelzel (&#8222;Gedenken und Erinnern&#8220;).<\/p>\n\n\t\t<style type=\"text\/css\">\n\t\t\t#gallery-1 {\n\t\t\t\tmargin: auto;\n\t\t\t}\n\t\t\t#gallery-1 .gallery-item {\n\t\t\t\tfloat: left;\n\t\t\t\tmargin-top: 10px;\n\t\t\t\ttext-align: center;\n\t\t\t\twidth: 33%;\n\t\t\t}\n\t\t\t#gallery-1 img {\n\t\t\t\tborder: 2px solid #cfcfcf;\n\t\t\t}\n\t\t\t#gallery-1 .gallery-caption {\n\t\t\t\tmargin-left: 0;\n\t\t\t}\n\t\t\t\/* see gallery_shortcode() in wp-includes\/media.php *\/\n\t\t<\/style>\n\t\t<div id='gallery-1' class='gallery galleryid-3803 gallery-columns-3 gallery-size-thumbnail'><dl class='gallery-item'>\n\t\t\t<dt class='gallery-icon landscape'>\n\t\t\t\t<a href='https:\/\/metropoli.sterthaus.com\/?attachment_id=3805'><img loading=\"lazy\" decoding=\"async\" width=\"150\" height=\"150\" src=\"https:\/\/metropoli.sterthaus.com\/wp-content\/uploads\/2021\/03\/2001-03-009-150x150.jpg\" class=\"attachment-thumbnail size-thumbnail\" alt=\"\" aria-describedby=\"gallery-1-3805\" \/><\/a>\n\t\t\t<\/dt>\n\t\t\t\t<dd class='wp-caption-text gallery-caption' id='gallery-1-3805'>\n\t\t\t\tFoto: Dieter Wennemer\n\t\t\t\t<\/dd><\/dl><dl class='gallery-item'>\n\t\t\t<dt class='gallery-icon landscape'>\n\t\t\t\t<a href='https:\/\/metropoli.sterthaus.com\/?attachment_id=3818'><img loading=\"lazy\" decoding=\"async\" width=\"150\" height=\"150\" src=\"https:\/\/metropoli.sterthaus.com\/wp-content\/uploads\/2021\/03\/Der-Filmprojektor-an-der-Bagger-Schaufel-150x150.jpg\" class=\"attachment-thumbnail size-thumbnail\" alt=\"\" aria-describedby=\"gallery-1-3818\" \/><\/a>\n\t\t\t<\/dt>\n\t\t\t\t<dd class='wp-caption-text gallery-caption' id='gallery-1-3818'>\n\t\t\t\tDer Filmprojektor an der Bagger Schaufel.\n\t\t\t\t<\/dd><\/dl><dl class='gallery-item'>\n\t\t\t<dt class='gallery-icon landscape'>\n\t\t\t\t<a href='https:\/\/metropoli.sterthaus.com\/?attachment_id=3844'><img loading=\"lazy\" decoding=\"async\" width=\"150\" height=\"150\" src=\"https:\/\/metropoli.sterthaus.com\/wp-content\/uploads\/2021\/03\/006-003-150x150.jpg\" class=\"attachment-thumbnail size-thumbnail\" alt=\"\" aria-describedby=\"gallery-1-3844\" \/><\/a>\n\t\t\t<\/dt>\n\t\t\t\t<dd class='wp-caption-text gallery-caption' id='gallery-1-3844'>\n\t\t\t\tFoto: Fotohistorischer Arbeitskreis Rheine\n\t\t\t\t<\/dd><\/dl><br style=\"clear: both\" \/><dl class='gallery-item'>\n\t\t\t<dt class='gallery-icon landscape'>\n\t\t\t\t<a href='https:\/\/metropoli.sterthaus.com\/?attachment_id=3845'><img loading=\"lazy\" decoding=\"async\" width=\"150\" height=\"150\" src=\"https:\/\/metropoli.sterthaus.com\/wp-content\/uploads\/2021\/03\/Metropoli-W.-Ahlmer-Foyer-1Bearbeitet-150x150.jpg\" class=\"attachment-thumbnail size-thumbnail\" alt=\"\" aria-describedby=\"gallery-1-3845\" \/><\/a>\n\t\t\t<\/dt>\n\t\t\t\t<dd class='wp-caption-text gallery-caption' id='gallery-1-3845'>\n\t\t\t\tFoto: Willi Ahlmer\n\t\t\t\t<\/dd><\/dl><dl class='gallery-item'>\n\t\t\t<dt class='gallery-icon landscape'>\n\t\t\t\t<a href='https:\/\/metropoli.sterthaus.com\/?attachment_id=3846'><img loading=\"lazy\" decoding=\"async\" width=\"150\" height=\"150\" src=\"https:\/\/metropoli.sterthaus.com\/wp-content\/uploads\/2021\/03\/4.-Metropol-Theater-von-W.-Ahlmer_-Saal--150x150.jpg\" class=\"attachment-thumbnail size-thumbnail\" alt=\"\" aria-describedby=\"gallery-1-3846\" \/><\/a>\n\t\t\t<\/dt>\n\t\t\t\t<dd class='wp-caption-text gallery-caption' id='gallery-1-3846'>\n\t\t\t\tFoto: Willi Ahlmer\n\t\t\t\t<\/dd><\/dl><dl class='gallery-item'>\n\t\t\t<dt class='gallery-icon landscape'>\n\t\t\t\t<a href='https:\/\/metropoli.sterthaus.com\/?attachment_id=3847'><img loading=\"lazy\" decoding=\"async\" width=\"150\" height=\"150\" src=\"https:\/\/metropoli.sterthaus.com\/wp-content\/uploads\/2021\/03\/7b-Metropol-Theater-von-W.-Ahlmer-Saal-1-150x150.jpg\" class=\"attachment-thumbnail size-thumbnail\" alt=\"\" aria-describedby=\"gallery-1-3847\" \/><\/a>\n\t\t\t<\/dt>\n\t\t\t\t<dd class='wp-caption-text gallery-caption' id='gallery-1-3847'>\n\t\t\t\tFoto: Willi Ahlmer\n\t\t\t\t<\/dd><\/dl><br style=\"clear: both\" \/>\n\t\t<\/div>\n\n<p>Lassen Sie sich \u00fcberraschen. Die angek\u00fcndigte Fotoausstellung wird sch\u00f6n. Versprochen!<\/p>\n","protected":false},"excerpt":{"rendered":"<p>Am 26. M\u00e4rz 2001 begann der Abriss des Metropol Theaters in Rheine. Es gibt zwar Leute, die den daraus entstandenen Schutthaufen damals sch\u00f6ner fanden als das mausgraue Geb\u00e4ude, aber wie hei\u00dft es doch so sch\u00f6n, &#8222;Auf die inneren Werte kommt es an&#8220;. Der Rheiner Historiker Dr. Ingmar Winter hatte nicht umsonst drei B\u00fccher \u00fcber die [&hellip;]<\/p>\n","protected":false},"author":2,"featured_media":0,"comment_status":"closed","ping_status":"closed","sticky":false,"template":"","format":"standard","meta":{"footnotes":"","_links_to":"","_links_to_target":""},"categories":[1],"tags":[],"class_list":["post-3803","post","type-post","status-publish","format-standard","hentry","category-allgemein"],"_links":{"self":[{"href":"https:\/\/metropoli.sterthaus.com\/index.php?rest_route=\/wp\/v2\/posts\/3803","targetHints":{"allow":["GET"]}}],"collection":[{"href":"https:\/\/metropoli.sterthaus.com\/index.php?rest_route=\/wp\/v2\/posts"}],"about":[{"href":"https:\/\/metropoli.sterthaus.com\/index.php?rest_route=\/wp\/v2\/types\/post"}],"author":[{"embeddable":true,"href":"https:\/\/metropoli.sterthaus.com\/index.php?rest_route=\/wp\/v2\/users\/2"}],"replies":[{"embeddable":true,"href":"https:\/\/metropoli.sterthaus.com\/index.php?rest_route=%2Fwp%2Fv2%2Fcomments&post=3803"}],"version-history":[{"count":46,"href":"https:\/\/metropoli.sterthaus.com\/index.php?rest_route=\/wp\/v2\/posts\/3803\/revisions"}],"predecessor-version":[{"id":3862,"href":"https:\/\/metropoli.sterthaus.com\/index.php?rest_route=\/wp\/v2\/posts\/3803\/revisions\/3862"}],"wp:attachment":[{"href":"https:\/\/metropoli.sterthaus.com\/index.php?rest_route=%2Fwp%2Fv2%2Fmedia&parent=3803"}],"wp:term":[{"taxonomy":"category","embeddable":true,"href":"https:\/\/metropoli.sterthaus.com\/index.php?rest_route=%2Fwp%2Fv2%2Fcategories&post=3803"},{"taxonomy":"post_tag","embeddable":true,"href":"https:\/\/metropoli.sterthaus.com\/index.php?rest_route=%2Fwp%2Fv2%2Ftags&post=3803"}],"curies":[{"name":"wp","href":"https:\/\/api.w.org\/{rel}","templated":true}]}}