{"id":2558,"date":"2016-03-07T22:54:49","date_gmt":"2016-03-07T21:54:49","guid":{"rendered":"http:\/\/metropoli.sterthaus.com\/?p=2558"},"modified":"2016-03-08T16:24:51","modified_gmt":"2016-03-08T15:24:51","slug":"archivkino-zum-tag-der-archive-2016-im-kreishaus-in-steinfurt","status":"publish","type":"post","link":"https:\/\/metropoli.sterthaus.com\/?p=2558","title":{"rendered":"Archivkino zum Tag der Archive 2016 im Kreishaus in Steinfurt"},"content":{"rendered":"<p>Wer als Heimatfreund am 6. M\u00e4rz zum Tag der Archive 2016 nicht im Kreishaus in Steinfurt war, hat ganz sicher etwas verpasst. Bereits im Foyer des Hauses war zu erkennen, dass das Team um Kreisarchivarin Ute Langkamp zum 200. Geburtstag des Kreises Steinfurt mit vielen Ideen ganze Arbeit geleistet hatte. Zu den zahlreichen Informationstafeln waren 25 Stadt- und Gemeindearchive und das Kreisarchiv mit interessanten St\u00e4nden vor Ort. Man konnte als Besucher, so zu sagen, eine Zeitreise durch die St\u00e4dte und Gemeinden unseres Kreises Steinfurt unternehmen. Eine geniale Gelegenheit auch f\u00fcr alle Anwesenden sich untereinander auszutauschen. Dass ich f\u00fcr unsere Stadt Rheine als Teilnehmer mit einem so genannten Archivkino eingeladen war, war mir bereits vor der Veranstaltung eine besondere Ehre. Rund 200 Besucher zeigten gro\u00dfes Interesse w\u00e4hrend und nach den Vorf\u00fchrungen, so dass die Zeit f\u00fcr Fragen und Antworten zum Archivkino mit lokalhistorischen Filmen kaum reichte.<br \/>\n<div id=\"attachment_2561\" style=\"width: 500px\" class=\"wp-caption aligncenter\"><img loading=\"lazy\" decoding=\"async\" aria-describedby=\"caption-attachment-2561\" src=\"http:\/\/metropoli.sterthaus.com\/wp-content\/uploads\/2016\/03\/Kreis-Archivtag-3-490x600.jpg\" alt=\"&quot;Metropoli&quot; Heinz Schulte und Kreisarchivarin Ute Langkamp\" width=\"490\" height=\"600\" class=\"size-large wp-image-2561\" srcset=\"https:\/\/metropoli.sterthaus.com\/wp-content\/uploads\/2016\/03\/Kreis-Archivtag-3.jpg 490w, https:\/\/metropoli.sterthaus.com\/wp-content\/uploads\/2016\/03\/Kreis-Archivtag-3-245x300.jpg 245w\" sizes=\"auto, (max-width: 490px) 100vw, 490px\" \/><p id=\"caption-attachment-2561\" class=\"wp-caption-text\">&#8222;Metropoli&#8220; Heinz Schulte und Kreisarchivarin Ute Langkamp<\/p><\/div><\/p>\n","protected":false},"excerpt":{"rendered":"<p>Wer als Heimatfreund am 6. M\u00e4rz zum Tag der Archive 2016 nicht im Kreishaus in Steinfurt war, hat ganz sicher etwas verpasst. Bereits im Foyer des Hauses war zu erkennen, dass das Team um Kreisarchivarin Ute Langkamp zum 200. Geburtstag des Kreises Steinfurt mit vielen Ideen ganze Arbeit geleistet hatte. Zu den zahlreichen Informationstafeln waren [&hellip;]<\/p>\n","protected":false},"author":2,"featured_media":0,"comment_status":"closed","ping_status":"closed","sticky":false,"template":"","format":"standard","meta":{"footnotes":"","_links_to":"","_links_to_target":""},"categories":[1],"tags":[],"class_list":["post-2558","post","type-post","status-publish","format-standard","hentry","category-allgemein"],"_links":{"self":[{"href":"https:\/\/metropoli.sterthaus.com\/index.php?rest_route=\/wp\/v2\/posts\/2558","targetHints":{"allow":["GET"]}}],"collection":[{"href":"https:\/\/metropoli.sterthaus.com\/index.php?rest_route=\/wp\/v2\/posts"}],"about":[{"href":"https:\/\/metropoli.sterthaus.com\/index.php?rest_route=\/wp\/v2\/types\/post"}],"author":[{"embeddable":true,"href":"https:\/\/metropoli.sterthaus.com\/index.php?rest_route=\/wp\/v2\/users\/2"}],"replies":[{"embeddable":true,"href":"https:\/\/metropoli.sterthaus.com\/index.php?rest_route=%2Fwp%2Fv2%2Fcomments&post=2558"}],"version-history":[{"count":7,"href":"https:\/\/metropoli.sterthaus.com\/index.php?rest_route=\/wp\/v2\/posts\/2558\/revisions"}],"predecessor-version":[{"id":2566,"href":"https:\/\/metropoli.sterthaus.com\/index.php?rest_route=\/wp\/v2\/posts\/2558\/revisions\/2566"}],"wp:attachment":[{"href":"https:\/\/metropoli.sterthaus.com\/index.php?rest_route=%2Fwp%2Fv2%2Fmedia&parent=2558"}],"wp:term":[{"taxonomy":"category","embeddable":true,"href":"https:\/\/metropoli.sterthaus.com\/index.php?rest_route=%2Fwp%2Fv2%2Fcategories&post=2558"},{"taxonomy":"post_tag","embeddable":true,"href":"https:\/\/metropoli.sterthaus.com\/index.php?rest_route=%2Fwp%2Fv2%2Ftags&post=2558"}],"curies":[{"name":"wp","href":"https:\/\/api.w.org\/{rel}","templated":true}]}}