{"id":2052,"date":"2013-10-16T21:28:55","date_gmt":"2013-10-16T19:28:55","guid":{"rendered":"http:\/\/metropoli.sterthaus.com\/?p=2052"},"modified":"2015-02-23T12:08:00","modified_gmt":"2015-02-23T11:08:00","slug":"eine-zeitreise-beim-interview-mit-zeitzeugen-unserer-stadt","status":"publish","type":"post","link":"https:\/\/metropoli.sterthaus.com\/?p=2052","title":{"rendered":"Eine Zeitreise beim Interview mit Zeitzeugen unserer Stadt&#8230;"},"content":{"rendered":"<p><strong>Das Film-Team vom LWL Medienzentrum f\u00fcr Westfalen in M\u00fcnster dreht in Rheine&#8230;<\/strong><\/p>\n<p><strong>Wenn Zeitzeugen reden, k\u00f6nnte man stundenlang zuh\u00f6ren&#8230;<\/strong><\/p>\n<p>Nachdem sich am 8. Oktober Zeitzeugen unserer Stadt zum gemeinsamen Gespr\u00e4ch im Metropoli trafen, verabredeten wir uns\u00a0\u00a0zu Filmaufnahmen.\u00a0Nichts k\u00f6nnte spannender sein, als einfach nur zuh\u00f6ren&#8230;<\/p>\n<div id=\"attachment_2053\" style=\"width: 251px\" class=\"wp-caption aligncenter\"><a href=\"http:\/\/metropoli.sterthaus.com\/wp-content\/uploads\/2013\/10\/P1210549-1280x960.jpg\"><img loading=\"lazy\" decoding=\"async\" aria-describedby=\"caption-attachment-2053\" class=\"wp-image-2053   \" alt=\"P1210549 (1280x960)\" src=\"http:\/\/metropoli.sterthaus.com\/wp-content\/uploads\/2013\/10\/P1210549-1280x960-300x225.jpg\" width=\"241\" height=\"181\" srcset=\"https:\/\/metropoli.sterthaus.com\/wp-content\/uploads\/2013\/10\/P1210549-1280x960-300x225.jpg 300w, https:\/\/metropoli.sterthaus.com\/wp-content\/uploads\/2013\/10\/P1210549-1280x960.jpg 800w\" sizes=\"auto, (max-width: 241px) 100vw, 241px\" \/><\/a><p id=\"caption-attachment-2053\" class=\"wp-caption-text\">Textilunternehmer: v links CKS Harald K\u00fcmpers und FAK Gustav-Adolf K\u00fcmpers informierten im Textilmuseum \u00fcber die Geschichte der Rheiner Textilindustrie. (Doppelklick vergr\u00f6\u00dfert die Fotos)<\/p><\/div>\n<p>&nbsp;<\/p>\n<div id=\"attachment_2054\" style=\"width: 178px\" class=\"wp-caption alignright\"><a href=\"http:\/\/metropoli.sterthaus.com\/wp-content\/uploads\/2013\/10\/P1210553-1280x960.jpg\"><img loading=\"lazy\" decoding=\"async\" aria-describedby=\"caption-attachment-2054\" class=\" wp-image-2054  \" alt=\"P1210553 (1280x960)\" src=\"http:\/\/metropoli.sterthaus.com\/wp-content\/uploads\/2013\/10\/P1210553-1280x960-300x225.jpg\" width=\"168\" height=\"126\" srcset=\"https:\/\/metropoli.sterthaus.com\/wp-content\/uploads\/2013\/10\/P1210553-1280x960-300x225.jpg 300w, https:\/\/metropoli.sterthaus.com\/wp-content\/uploads\/2013\/10\/P1210553-1280x960.jpg 800w\" sizes=\"auto, (max-width: 168px) 100vw, 168px\" \/><\/a><p id=\"caption-attachment-2054\" class=\"wp-caption-text\">G\u00fcnter Thum (Bildmitte) kam 1965 als Offizier nach Rheine. Bekannt ist Herr Thum f\u00fcr seine Dienste, unter Anderem als Kasernenkommandant im Regiment der Heeresflieger in Rheine-Bentlage, so wie als B\u00fcrgermeister der Stadt Rheine.<\/p><\/div>\n<div id=\"attachment_2055\" style=\"width: 195px\" class=\"wp-caption alignright\"><a href=\"http:\/\/metropoli.sterthaus.com\/wp-content\/uploads\/2013\/10\/P1210574-1280x960.jpg\"><img loading=\"lazy\" decoding=\"async\" aria-describedby=\"caption-attachment-2055\" class=\"wp-image-2055 \" alt=\"P1210574 (1280x960)\" src=\"http:\/\/metropoli.sterthaus.com\/wp-content\/uploads\/2013\/10\/P1210574-1280x960-300x225.jpg\" width=\"185\" height=\"139\" srcset=\"https:\/\/metropoli.sterthaus.com\/wp-content\/uploads\/2013\/10\/P1210574-1280x960-300x225.jpg 300w, https:\/\/metropoli.sterthaus.com\/wp-content\/uploads\/2013\/10\/P1210574-1280x960.jpg 800w\" sizes=\"auto, (max-width: 185px) 100vw, 185px\" \/><\/a><p id=\"caption-attachment-2055\" class=\"wp-caption-text\">Gerold Kalter (2.v links) erz\u00e4hlt im Metropoli vom &#8222;Albatros&#8220; in Rheine Mesum. Das &#8222;Albatros&#8220; war eine Kultdisco der besonderen Art und bis weit \u00fcber unsere Stadtgrenzen hinaus bekannt, bis der Feuerteufel kam&#8230;<\/p><\/div>\n<div id=\"attachment_2068\" style=\"width: 214px\" class=\"wp-caption aligncenter\"><a href=\"http:\/\/metropoli.sterthaus.com\/wp-content\/uploads\/2013\/10\/P1210622-1280x851.jpg\"><img loading=\"lazy\" decoding=\"async\" aria-describedby=\"caption-attachment-2068\" class=\"wp-image-2068 \" alt=\"Hannelore Schittko war fast 60 Jahre ehrenamtlich beim TV Jahn aktiv. Sie erz\u00e4hlt und wie es war...\" src=\"http:\/\/metropoli.sterthaus.com\/wp-content\/uploads\/2013\/10\/P1210622-1280x851-300x199.jpg\" width=\"204\" height=\"134\" srcset=\"https:\/\/metropoli.sterthaus.com\/wp-content\/uploads\/2013\/10\/P1210622-1280x851-300x199.jpg 300w, https:\/\/metropoli.sterthaus.com\/wp-content\/uploads\/2013\/10\/P1210622-1280x851.jpg 800w\" sizes=\"auto, (max-width: 204px) 100vw, 204px\" \/><\/a><p id=\"caption-attachment-2068\" class=\"wp-caption-text\">Hannelore Schittko war fast 60 Jahre ehrenamtlich beim TV Jahn aktiv. Sie erz\u00e4hlt uns wie es war&#8230;<\/p><\/div>\n<div id=\"attachment_2069\" style=\"width: 195px\" class=\"wp-caption alignright\"><a href=\"http:\/\/metropoli.sterthaus.com\/wp-content\/uploads\/2013\/10\/P1210651-1280x960-2.jpg\"><img loading=\"lazy\" decoding=\"async\" aria-describedby=\"caption-attachment-2069\" class=\"wp-image-2069 \" alt=\"P1210651 (1280x960) (2)\" src=\"http:\/\/metropoli.sterthaus.com\/wp-content\/uploads\/2013\/10\/P1210651-1280x960-2-300x225.jpg\" width=\"185\" height=\"139\" srcset=\"https:\/\/metropoli.sterthaus.com\/wp-content\/uploads\/2013\/10\/P1210651-1280x960-2-300x225.jpg 300w, https:\/\/metropoli.sterthaus.com\/wp-content\/uploads\/2013\/10\/P1210651-1280x960-2.jpg 800w\" sizes=\"auto, (max-width: 185px) 100vw, 185px\" \/><\/a><p id=\"caption-attachment-2069\" class=\"wp-caption-text\">Arnim Gerlach war 1965 als Filialleiter im 1. Rheiner Supermarkt &#8222;Ekl\u00f6&#8220;. Fast 50 Jahre sp\u00e4ter ist A. Gerlach im Metropoli in Rheine und erinnert sich&#8230;<\/p><\/div>\n<div id=\"attachment_2070\" style=\"width: 195px\" class=\"wp-caption alignright\"><a href=\"http:\/\/metropoli.sterthaus.com\/wp-content\/uploads\/2013\/10\/P1210661-1280x960.jpg\"><img loading=\"lazy\" decoding=\"async\" aria-describedby=\"caption-attachment-2070\" class=\"wp-image-2070 \" alt=\"P1210661 (1280x960)\" src=\"http:\/\/metropoli.sterthaus.com\/wp-content\/uploads\/2013\/10\/P1210661-1280x960-300x225.jpg\" width=\"185\" height=\"139\" srcset=\"https:\/\/metropoli.sterthaus.com\/wp-content\/uploads\/2013\/10\/P1210661-1280x960-300x225.jpg 300w, https:\/\/metropoli.sterthaus.com\/wp-content\/uploads\/2013\/10\/P1210661-1280x960.jpg 800w\" sizes=\"auto, (max-width: 185px) 100vw, 185px\" \/><\/a><p id=\"caption-attachment-2070\" class=\"wp-caption-text\">Heinz Schulte fing im Jahr 2001 mit dem Aufbau des Metropoli\u00a0an, die Rheiner Film- und Kinogeschichte zu recherchieren. Film und Kino hat unweigerlich mit ganz viel Leidenschaft zu tun, und diese erlebt er immer wieder aufs Neue&#8230;<\/p><\/div>\n<div id=\"attachment_2071\" style=\"width: 212px\" class=\"wp-caption aligncenter\"><a href=\"http:\/\/metropoli.sterthaus.com\/wp-content\/uploads\/2013\/10\/P1210591-1280x857.jpg\"><img loading=\"lazy\" decoding=\"async\" aria-describedby=\"caption-attachment-2071\" class=\"wp-image-2071 \" alt=\"P1210591 (1280x857)\" src=\"http:\/\/metropoli.sterthaus.com\/wp-content\/uploads\/2013\/10\/P1210591-1280x857-300x200.jpg\" width=\"202\" height=\"134\" srcset=\"https:\/\/metropoli.sterthaus.com\/wp-content\/uploads\/2013\/10\/P1210591-1280x857-300x200.jpg 300w, https:\/\/metropoli.sterthaus.com\/wp-content\/uploads\/2013\/10\/P1210591-1280x857.jpg 800w\" sizes=\"auto, (max-width: 202px) 100vw, 202px\" \/><\/a><p id=\"caption-attachment-2071\" class=\"wp-caption-text\">Wer kennt ihn nicht&#8230; Ludger Meier ist in Rheine als Altb\u00fcrgermeister einer der Aktiven, die zur Stadtentwicklung beigetragen und wertvolles geleistet haben.<\/p><\/div>\n<p>Freuen wir uns schon heute auf mehr Informationen im Filmbeitrag und \u00fcber die Geschichte der Stadt Rheine. \u00dcber die Filmpremiere werden wir Sie rechtzeitig informieren<\/p>\n<div id=\"attachment_2064\" style=\"width: 250px\" class=\"wp-caption aligncenter\"><a href=\"http:\/\/metropoli.sterthaus.com\/wp-content\/uploads\/2013\/10\/P1210582-1280x960.jpg\"><img loading=\"lazy\" decoding=\"async\" aria-describedby=\"caption-attachment-2064\" class=\" wp-image-2064\" alt=\"P1210582 (1280x960)\" src=\"http:\/\/metropoli.sterthaus.com\/wp-content\/uploads\/2013\/10\/P1210582-1280x960-300x225.jpg\" width=\"240\" height=\"180\" srcset=\"https:\/\/metropoli.sterthaus.com\/wp-content\/uploads\/2013\/10\/P1210582-1280x960-300x225.jpg 300w, https:\/\/metropoli.sterthaus.com\/wp-content\/uploads\/2013\/10\/P1210582-1280x960.jpg 800w\" sizes=\"auto, (max-width: 240px) 100vw, 240px\" \/><\/a><p id=\"caption-attachment-2064\" class=\"wp-caption-text\">ENDE der Dreharbeiten. &#8222;Alles in der Kiste&#8220;Wir halten Sie auf dem Laufenden&#8230;<\/p><\/div>\n<p>&nbsp;<\/p>\n","protected":false},"excerpt":{"rendered":"<p>Das Film-Team vom LWL Medienzentrum f\u00fcr Westfalen in M\u00fcnster dreht in Rheine&#8230; Wenn Zeitzeugen reden, k\u00f6nnte man stundenlang zuh\u00f6ren&#8230; Nachdem sich am 8. Oktober Zeitzeugen unserer Stadt zum gemeinsamen Gespr\u00e4ch im Metropoli trafen, verabredeten wir uns\u00a0\u00a0zu Filmaufnahmen.\u00a0Nichts k\u00f6nnte spannender sein, als einfach nur zuh\u00f6ren&#8230; &nbsp; Freuen wir uns schon heute auf mehr Informationen im Filmbeitrag [&hellip;]<\/p>\n","protected":false},"author":2,"featured_media":0,"comment_status":"closed","ping_status":"open","sticky":false,"template":"","format":"standard","meta":{"footnotes":"","_links_to":"","_links_to_target":""},"categories":[1],"tags":[],"class_list":["post-2052","post","type-post","status-publish","format-standard","hentry","category-allgemein"],"_links":{"self":[{"href":"https:\/\/metropoli.sterthaus.com\/index.php?rest_route=\/wp\/v2\/posts\/2052","targetHints":{"allow":["GET"]}}],"collection":[{"href":"https:\/\/metropoli.sterthaus.com\/index.php?rest_route=\/wp\/v2\/posts"}],"about":[{"href":"https:\/\/metropoli.sterthaus.com\/index.php?rest_route=\/wp\/v2\/types\/post"}],"author":[{"embeddable":true,"href":"https:\/\/metropoli.sterthaus.com\/index.php?rest_route=\/wp\/v2\/users\/2"}],"replies":[{"embeddable":true,"href":"https:\/\/metropoli.sterthaus.com\/index.php?rest_route=%2Fwp%2Fv2%2Fcomments&post=2052"}],"version-history":[{"count":20,"href":"https:\/\/metropoli.sterthaus.com\/index.php?rest_route=\/wp\/v2\/posts\/2052\/revisions"}],"predecessor-version":[{"id":2089,"href":"https:\/\/metropoli.sterthaus.com\/index.php?rest_route=\/wp\/v2\/posts\/2052\/revisions\/2089"}],"wp:attachment":[{"href":"https:\/\/metropoli.sterthaus.com\/index.php?rest_route=%2Fwp%2Fv2%2Fmedia&parent=2052"}],"wp:term":[{"taxonomy":"category","embeddable":true,"href":"https:\/\/metropoli.sterthaus.com\/index.php?rest_route=%2Fwp%2Fv2%2Fcategories&post=2052"},{"taxonomy":"post_tag","embeddable":true,"href":"https:\/\/metropoli.sterthaus.com\/index.php?rest_route=%2Fwp%2Fv2%2Ftags&post=2052"}],"curies":[{"name":"wp","href":"https:\/\/api.w.org\/{rel}","templated":true}]}}