{"id":2000,"date":"2013-09-27T13:41:36","date_gmt":"2013-09-27T11:41:36","guid":{"rendered":"http:\/\/metropoli.sterthaus.com\/?p=2000"},"modified":"2015-02-23T12:08:00","modified_gmt":"2015-02-23T11:08:00","slug":"wir-waren-mal-kurz-weg-und-dem-himmel-nah","status":"publish","type":"post","link":"https:\/\/metropoli.sterthaus.com\/?p=2000","title":{"rendered":"Wir waren mal kurz weg und dem Himmel nah&#8230;"},"content":{"rendered":"<div id=\"attachment_2003\" style=\"width: 395px\" class=\"wp-caption aligncenter\"><a href=\"http:\/\/metropoli.sterthaus.com\/wp-content\/uploads\/2013\/09\/Foto-011.jpg\"><img loading=\"lazy\" decoding=\"async\" aria-describedby=\"caption-attachment-2003\" class=\"size-medium wp-image-2003\" alt=\"\" src=\"http:\/\/metropoli.sterthaus.com\/wp-content\/uploads\/2013\/09\/Foto-011-300x224.jpg\" width=\"385\" height=\"274\" \/><\/a><p id=\"caption-attachment-2003\" class=\"wp-caption-text\">Wie ein Blick durch das\u00a0Schl\u00fcsselloch\u00a0zum Himmel.<br \/>Foto: H. Schulte\u00a0\u00a0\u00a0\u00a0\u00a0\u00a0\u00a0\u00a0\u00a0\u00a0\u00a0\u00a0\u00a0\u00a0 \u00a0(Doppelklick vergr\u00f6\u00dfert die Fotos)<\/p><\/div>\n<p>&nbsp;<\/p>\n<p>Liebe Film- Natur- und Heimatfreunde, wir waren mal kurz weg, haben ein paar Tage Urlaub gemacht und waren beim Wandern in S\u00fcdtirol dem Himmel traumhaft nah.<\/p>\n<p>(Naturkino pur&#8230;\u00a0 vom 7. bis 23. September 2013)<\/p>\n<div id=\"attachment_2009\" style=\"width: 235px\" class=\"wp-caption alignleft\"><a href=\"http:\/\/metropoli.sterthaus.com\/wp-content\/uploads\/2013\/09\/Foto0123.jpg\"><img loading=\"lazy\" decoding=\"async\" aria-describedby=\"caption-attachment-2009\" class=\"size-medium wp-image-2009 \" alt=\"Man h\u00f6rt hier oben nur sich selbst...\" src=\"http:\/\/metropoli.sterthaus.com\/wp-content\/uploads\/2013\/09\/Foto0123-225x300.jpg\" width=\"225\" height=\"300\" srcset=\"https:\/\/metropoli.sterthaus.com\/wp-content\/uploads\/2013\/09\/Foto0123-225x300.jpg 225w, https:\/\/metropoli.sterthaus.com\/wp-content\/uploads\/2013\/09\/Foto0123.jpg 450w\" sizes=\"auto, (max-width: 225px) 100vw, 225px\" \/><\/a><p id=\"caption-attachment-2009\" class=\"wp-caption-text\">Man h\u00f6rt hier oben nur sich selbst&#8230;<\/p><\/div>\n<p>&nbsp;<\/p>\n<p>&nbsp;<\/p>\n<p>&nbsp;<\/p>\n<p>&nbsp;<\/p>\n<p>&nbsp;<\/p>\n<p>&nbsp;<\/p>\n<p>&nbsp;<\/p>\n<p>&nbsp;<\/p>\n<p>&nbsp;<\/p>\n<div id=\"attachment_2010\" style=\"width: 310px\" class=\"wp-caption aligncenter\"><a href=\"http:\/\/metropoli.sterthaus.com\/wp-content\/uploads\/2013\/09\/Foto0129-1280x960.jpg\"><img loading=\"lazy\" decoding=\"async\" aria-describedby=\"caption-attachment-2010\" class=\"size-medium wp-image-2010\" alt=\"Die Welt ist am Sch\u00f6nsten, wo der Mensch sie bewundert und in Ruhe l\u00e4sst.\" src=\"http:\/\/metropoli.sterthaus.com\/wp-content\/uploads\/2013\/09\/Foto0129-1280x960-300x225.jpg\" width=\"300\" height=\"225\" srcset=\"https:\/\/metropoli.sterthaus.com\/wp-content\/uploads\/2013\/09\/Foto0129-1280x960-300x225.jpg 300w, https:\/\/metropoli.sterthaus.com\/wp-content\/uploads\/2013\/09\/Foto0129-1280x960.jpg 800w\" sizes=\"auto, (max-width: 300px) 100vw, 300px\" \/><\/a><p id=\"caption-attachment-2010\" class=\"wp-caption-text\">Die Welt ist am Sch\u00f6nsten, da wo der Mensch sie bewundert und sie in Ruhe l\u00e4sst.<\/p><\/div>\n<p>Mehr \u00fcber die wundersch\u00f6ne Region im S\u00fcdtiroler &#8211; Pustertal erfahren Sie auch unter <a href=\"http:\/\/www.hotel-leitner.com\">www.hotel-leitner.com<\/a>\u00a0mit Fotos vom Autor Helmut Stampfl\u00a0\u00a0\u00a0 \u00a0M\u00fchlbach\/Pustertal<\/p>\n<p>&nbsp;<\/p>\n<p>&nbsp;<\/p>\n<div id=\"attachment_2016\" style=\"width: 190px\" class=\"wp-caption alignleft\"><a href=\"http:\/\/metropoli.sterthaus.com\/wp-content\/uploads\/2013\/09\/10.07.12-5-640x480.jpg\"><img loading=\"lazy\" decoding=\"async\" aria-describedby=\"caption-attachment-2016\" class=\" wp-image-2016 \" alt=\"Foto: H. Stampfl \" src=\"http:\/\/metropoli.sterthaus.com\/wp-content\/uploads\/2013\/09\/10.07.12-5-640x480-300x225.jpg\" width=\"180\" height=\"135\" srcset=\"https:\/\/metropoli.sterthaus.com\/wp-content\/uploads\/2013\/09\/10.07.12-5-640x480-300x225.jpg 300w, https:\/\/metropoli.sterthaus.com\/wp-content\/uploads\/2013\/09\/10.07.12-5-640x480.jpg 640w\" sizes=\"auto, (max-width: 180px) 100vw, 180px\" \/><\/a><p id=\"caption-attachment-2016\" class=\"wp-caption-text\">Foto: H. Stampfl<\/p><\/div>\n<p>&nbsp;<\/p>\n<div id=\"attachment_2006\" style=\"width: 190px\" class=\"wp-caption aligncenter\"><a href=\"http:\/\/metropoli.sterthaus.com\/wp-content\/uploads\/2013\/09\/Foto0104-e1380309634197.jpg\"><img loading=\"lazy\" decoding=\"async\" aria-describedby=\"caption-attachment-2006\" class=\" wp-image-2006 \" alt=\"Foto: Karin Schulte\" src=\"http:\/\/metropoli.sterthaus.com\/wp-content\/uploads\/2013\/09\/Foto0104-e1380309634197-300x225.jpg\" width=\"180\" height=\"135\" srcset=\"https:\/\/metropoli.sterthaus.com\/wp-content\/uploads\/2013\/09\/Foto0104-e1380309634197-300x225.jpg 300w, https:\/\/metropoli.sterthaus.com\/wp-content\/uploads\/2013\/09\/Foto0104-e1380309634197.jpg 600w\" sizes=\"auto, (max-width: 180px) 100vw, 180px\" \/><\/a><p id=\"caption-attachment-2006\" class=\"wp-caption-text\">Foto: Karin Schulte<\/p><\/div>\n<div id=\"attachment_2018\" style=\"width: 190px\" class=\"wp-caption alignleft\"><a href=\"http:\/\/metropoli.sterthaus.com\/wp-content\/uploads\/2013\/09\/20130914_163625.jpg\"><img loading=\"lazy\" decoding=\"async\" aria-describedby=\"caption-attachment-2018\" class=\" wp-image-2018 \" alt=\"20130914_163625\" src=\"http:\/\/metropoli.sterthaus.com\/wp-content\/uploads\/2013\/09\/20130914_163625-300x225.jpg\" width=\"180\" height=\"135\" srcset=\"https:\/\/metropoli.sterthaus.com\/wp-content\/uploads\/2013\/09\/20130914_163625-300x225.jpg 300w, https:\/\/metropoli.sterthaus.com\/wp-content\/uploads\/2013\/09\/20130914_163625.jpg 640w\" sizes=\"auto, (max-width: 180px) 100vw, 180px\" \/><\/a><p id=\"caption-attachment-2018\" class=\"wp-caption-text\">Foto: H. Stampfl<\/p><\/div>\n<div id=\"attachment_2019\" style=\"width: 310px\" class=\"wp-caption aligncenter\"><a href=\"http:\/\/metropoli.sterthaus.com\/wp-content\/uploads\/2013\/09\/20130914_170323.jpg\"><img loading=\"lazy\" decoding=\"async\" aria-describedby=\"caption-attachment-2019\" class=\"size-medium wp-image-2019\" alt=\"Foto: H. Stampfl\" src=\"http:\/\/metropoli.sterthaus.com\/wp-content\/uploads\/2013\/09\/20130914_170323-300x225.jpg\" width=\"300\" height=\"225\" srcset=\"https:\/\/metropoli.sterthaus.com\/wp-content\/uploads\/2013\/09\/20130914_170323-300x225.jpg 300w, https:\/\/metropoli.sterthaus.com\/wp-content\/uploads\/2013\/09\/20130914_170323.jpg 640w\" sizes=\"auto, (max-width: 300px) 100vw, 300px\" \/><\/a><p id=\"caption-attachment-2019\" class=\"wp-caption-text\">Foto: H. Stampfl<\/p><\/div>\n<p>S\u00fcdtirol ist wundersch\u00f6n. Wenn Sie hierher kommen, vergessen Sie Ihre Foto oder Filmkamera nicht&#8230;<\/p>\n<div id=\"attachment_2026\" style=\"width: 310px\" class=\"wp-caption aligncenter\"><a href=\"http:\/\/metropoli.sterthaus.com\/wp-content\/uploads\/2013\/09\/Urlaub-20013-080.jpg\"><img loading=\"lazy\" decoding=\"async\" aria-describedby=\"caption-attachment-2026\" class=\"size-medium wp-image-2026 \" alt=\"Wir kommen bestimmt wieder...\" src=\"http:\/\/metropoli.sterthaus.com\/wp-content\/uploads\/2013\/09\/Urlaub-20013-080-300x206.jpg\" width=\"300\" height=\"206\" srcset=\"https:\/\/metropoli.sterthaus.com\/wp-content\/uploads\/2013\/09\/Urlaub-20013-080-300x206.jpg 300w, https:\/\/metropoli.sterthaus.com\/wp-content\/uploads\/2013\/09\/Urlaub-20013-080.jpg 800w\" sizes=\"auto, (max-width: 300px) 100vw, 300px\" \/><\/a><p id=\"caption-attachment-2026\" class=\"wp-caption-text\">Wir kommen bestimmt wieder&#8230;<br \/>Heinz &amp; Karin Schulte<\/p><\/div>\n<p>&nbsp;<\/p>\n<p>&nbsp;<\/p>\n<p>&nbsp;<\/p>\n<p>&nbsp;<\/p>\n","protected":false},"excerpt":{"rendered":"<p>&nbsp; Liebe Film- Natur- und Heimatfreunde, wir waren mal kurz weg, haben ein paar Tage Urlaub gemacht und waren beim Wandern in S\u00fcdtirol dem Himmel traumhaft nah. (Naturkino pur&#8230;\u00a0 vom 7. bis 23. September 2013) &nbsp; &nbsp; &nbsp; &nbsp; &nbsp; &nbsp; &nbsp; &nbsp; &nbsp; Mehr \u00fcber die wundersch\u00f6ne Region im S\u00fcdtiroler &#8211; Pustertal erfahren Sie [&hellip;]<\/p>\n","protected":false},"author":2,"featured_media":2016,"comment_status":"closed","ping_status":"open","sticky":false,"template":"","format":"standard","meta":{"footnotes":"","_links_to":"","_links_to_target":""},"categories":[1],"tags":[],"class_list":["post-2000","post","type-post","status-publish","format-standard","has-post-thumbnail","hentry","category-allgemein"],"_links":{"self":[{"href":"https:\/\/metropoli.sterthaus.com\/index.php?rest_route=\/wp\/v2\/posts\/2000","targetHints":{"allow":["GET"]}}],"collection":[{"href":"https:\/\/metropoli.sterthaus.com\/index.php?rest_route=\/wp\/v2\/posts"}],"about":[{"href":"https:\/\/metropoli.sterthaus.com\/index.php?rest_route=\/wp\/v2\/types\/post"}],"author":[{"embeddable":true,"href":"https:\/\/metropoli.sterthaus.com\/index.php?rest_route=\/wp\/v2\/users\/2"}],"replies":[{"embeddable":true,"href":"https:\/\/metropoli.sterthaus.com\/index.php?rest_route=%2Fwp%2Fv2%2Fcomments&post=2000"}],"version-history":[{"count":17,"href":"https:\/\/metropoli.sterthaus.com\/index.php?rest_route=\/wp\/v2\/posts\/2000\/revisions"}],"predecessor-version":[{"id":2028,"href":"https:\/\/metropoli.sterthaus.com\/index.php?rest_route=\/wp\/v2\/posts\/2000\/revisions\/2028"}],"wp:featuredmedia":[{"embeddable":true,"href":"https:\/\/metropoli.sterthaus.com\/index.php?rest_route=\/wp\/v2\/media\/2016"}],"wp:attachment":[{"href":"https:\/\/metropoli.sterthaus.com\/index.php?rest_route=%2Fwp%2Fv2%2Fmedia&parent=2000"}],"wp:term":[{"taxonomy":"category","embeddable":true,"href":"https:\/\/metropoli.sterthaus.com\/index.php?rest_route=%2Fwp%2Fv2%2Fcategories&post=2000"},{"taxonomy":"post_tag","embeddable":true,"href":"https:\/\/metropoli.sterthaus.com\/index.php?rest_route=%2Fwp%2Fv2%2Ftags&post=2000"}],"curies":[{"name":"wp","href":"https:\/\/api.w.org\/{rel}","templated":true}]}}